{"@context":"https:\/\/schema.org\/","@type":"CollectionPage","@id":"https:\/\/www.rahman.cz\/veda\/#CollectionPage","headline":"V\u011bda Category","description":"","url":"https:\/\/www.rahman.cz\/veda\/","hasPart":[{"@type":"Article","@id":"https:\/\/www.rahman.cz\/oblibena-veda\/","headline":"Obl\u00edben\u00e1 v\u011bda","url":"https:\/\/www.rahman.cz\/oblibena-veda\/","datePublished":"2024-02-28","dateModified":"2024-02-28","mainEntityOfPage":"https:\/\/www.rahman.cz\/oblibena-veda\/","author":{"@type":"Person","@id":"https:\/\/www.rahman.cz\/author\/#Person","name":"","url":"https:\/\/www.rahman.cz\/author\/","identifier":1,"image":{"@type":"ImageObject","@id":"https:\/\/secure.gravatar.com\/avatar\/831abbcc684823965c5caa39ae4561083127c8aedfe9e524c6cecc176998c733?s=96&d=mm&r=g","url":"https:\/\/secure.gravatar.com\/avatar\/831abbcc684823965c5caa39ae4561083127c8aedfe9e524c6cecc176998c733?s=96&d=mm&r=g","height":96,"width":96}},"publisher":{"@type":"Organization","name":"rahman.cz","logo":{"@type":"ImageObject","@id":"\/logo.png","url":"\/logo.png","width":600,"height":60}},"image":{"@type":"ImageObject","@id":"https:\/\/www.rahman.cz\/wp-content\/uploads\/v%C4%9Bda.jpg","url":"https:\/\/www.rahman.cz\/wp-content\/uploads\/v%C4%9Bda.jpg","height":0,"width":0},"keywords":null},{"@type":"Article","@id":"https:\/\/www.rahman.cz\/jake-dusledky-globalnich-zmen-klimatu-dnes-pozorujeme\/","headline":"Jak\u00e9 d\u016fsledky glob\u00e1ln\u00edch zm\u011bn klimatu dnes pozorujeme?","url":"https:\/\/www.rahman.cz\/jake-dusledky-globalnich-zmen-klimatu-dnes-pozorujeme\/","datePublished":"2023-12-31","dateModified":"2023-12-31","mainEntityOfPage":"https:\/\/www.rahman.cz\/jake-dusledky-globalnich-zmen-klimatu-dnes-pozorujeme\/","author":{"@type":"Person","@id":"https:\/\/www.rahman.cz\/author\/#Person","name":"","url":"https:\/\/www.rahman.cz\/author\/","identifier":1,"image":{"@type":"ImageObject","@id":"https:\/\/secure.gravatar.com\/avatar\/831abbcc684823965c5caa39ae4561083127c8aedfe9e524c6cecc176998c733?s=96&d=mm&r=g","url":"https:\/\/secure.gravatar.com\/avatar\/831abbcc684823965c5caa39ae4561083127c8aedfe9e524c6cecc176998c733?s=96&d=mm&r=g","height":96,"width":96}},"publisher":{"@type":"Organization","name":"rahman.cz","logo":{"@type":"ImageObject","@id":"\/logo.png","url":"\/logo.png","width":600,"height":60}},"image":{"@type":"ImageObject","@id":"https:\/\/www.rahman.cz\/wp-content\/uploads\/atmosfera2_5.jpg","url":"https:\/\/www.rahman.cz\/wp-content\/uploads\/atmosfera2_5.jpg","height":0,"width":0},"keywords":null},{"@type":"Article","@id":"https:\/\/www.rahman.cz\/studium-zubare\/","headline":"Studium zuba\u0159e","url":"https:\/\/www.rahman.cz\/studium-zubare\/","datePublished":"2023-12-08","dateModified":"2023-12-08","mainEntityOfPage":"https:\/\/www.rahman.cz\/studium-zubare\/","author":{"@type":"Person","@id":"https:\/\/www.rahman.cz\/author\/#Person","name":"","url":"https:\/\/www.rahman.cz\/author\/","identifier":1,"image":{"@type":"ImageObject","@id":"https:\/\/secure.gravatar.com\/avatar\/831abbcc684823965c5caa39ae4561083127c8aedfe9e524c6cecc176998c733?s=96&d=mm&r=g","url":"https:\/\/secure.gravatar.com\/avatar\/831abbcc684823965c5caa39ae4561083127c8aedfe9e524c6cecc176998c733?s=96&d=mm&r=g","height":96,"width":96}},"publisher":{"@type":"Organization","name":"rahman.cz","logo":{"@type":"ImageObject","@id":"\/logo.png","url":"\/logo.png","width":600,"height":60}},"image":{"@type":"ImageObject","@id":"https:\/\/www.rahman.cz\/wp-content\/uploads\/traditional-chinese-3666183_1280.jpg","url":"https:\/\/www.rahman.cz\/wp-content\/uploads\/traditional-chinese-3666183_1280.jpg","height":0,"width":0},"keywords":null},{"@type":"Article","@id":"https:\/\/www.rahman.cz\/proc-bychom-meli-podporovat-vyzkum-vesmiru\/","headline":"Pro\u010d bychom m\u011bli podporovat v\u00fdzkum vesm\u00edru","url":"https:\/\/www.rahman.cz\/proc-bychom-meli-podporovat-vyzkum-vesmiru\/","datePublished":"2023-10-29","dateModified":"2023-10-29","mainEntityOfPage":"https:\/\/www.rahman.cz\/proc-bychom-meli-podporovat-vyzkum-vesmiru\/","author":{"@type":"Person","@id":"https:\/\/www.rahman.cz\/author\/#Person","name":"","url":"https:\/\/www.rahman.cz\/author\/","identifier":1,"image":{"@type":"ImageObject","@id":"https:\/\/secure.gravatar.com\/avatar\/831abbcc684823965c5caa39ae4561083127c8aedfe9e524c6cecc176998c733?s=96&d=mm&r=g","url":"https:\/\/secure.gravatar.com\/avatar\/831abbcc684823965c5caa39ae4561083127c8aedfe9e524c6cecc176998c733?s=96&d=mm&r=g","height":96,"width":96}},"publisher":{"@type":"Organization","name":"rahman.cz","logo":{"@type":"ImageObject","@id":"\/logo.png","url":"\/logo.png","width":600,"height":60}},"image":{"@type":"ImageObject","@id":"https:\/\/www.rahman.cz\/wp-content\/uploads\/slunce3_9.jpg","url":"https:\/\/www.rahman.cz\/wp-content\/uploads\/slunce3_9.jpg","height":0,"width":0},"keywords":null},{"@type":"Article","@id":"https:\/\/www.rahman.cz\/existuje-skutecne-cista-voda\/","headline":"Existuje skute\u010dn\u011b \u010dist\u00e1 voda?","url":"https:\/\/www.rahman.cz\/existuje-skutecne-cista-voda\/","datePublished":"2023-02-07","dateModified":"2023-02-07","mainEntityOfPage":"https:\/\/www.rahman.cz\/existuje-skutecne-cista-voda\/","author":{"@type":"Person","@id":"https:\/\/www.rahman.cz\/author\/#Person","name":"","url":"https:\/\/www.rahman.cz\/author\/","identifier":1,"image":{"@type":"ImageObject","@id":"https:\/\/secure.gravatar.com\/avatar\/831abbcc684823965c5caa39ae4561083127c8aedfe9e524c6cecc176998c733?s=96&d=mm&r=g","url":"https:\/\/secure.gravatar.com\/avatar\/831abbcc684823965c5caa39ae4561083127c8aedfe9e524c6cecc176998c733?s=96&d=mm&r=g","height":96,"width":96}},"publisher":{"@type":"Organization","name":"rahman.cz","logo":{"@type":"ImageObject","@id":"\/logo.png","url":"\/logo.png","width":600,"height":60}},"image":{"@type":"ImageObject","@id":"https:\/\/www.rahman.cz\/wp-content\/uploads\/voda5_2.jpg","url":"https:\/\/www.rahman.cz\/wp-content\/uploads\/voda5_2.jpg","height":0,"width":0},"keywords":null},{"@type":"Article","@id":"https:\/\/www.rahman.cz\/navstevovali-nase-predky-mimozemstane\/","headline":"Nav\u0161t\u011bvovali na\u0161e p\u0159edky mimozem\u0161\u0165an\u00e9?","url":"https:\/\/www.rahman.cz\/navstevovali-nase-predky-mimozemstane\/","datePublished":"2022-07-20","dateModified":"2022-07-20","mainEntityOfPage":"https:\/\/www.rahman.cz\/navstevovali-nase-predky-mimozemstane\/","author":{"@type":"Person","@id":"https:\/\/www.rahman.cz\/author\/#Person","name":"","url":"https:\/\/www.rahman.cz\/author\/","identifier":1,"image":{"@type":"ImageObject","@id":"https:\/\/secure.gravatar.com\/avatar\/831abbcc684823965c5caa39ae4561083127c8aedfe9e524c6cecc176998c733?s=96&d=mm&r=g","url":"https:\/\/secure.gravatar.com\/avatar\/831abbcc684823965c5caa39ae4561083127c8aedfe9e524c6cecc176998c733?s=96&d=mm&r=g","height":96,"width":96}},"publisher":{"@type":"Organization","name":"rahman.cz","logo":{"@type":"ImageObject","@id":"\/logo.png","url":"\/logo.png","width":600,"height":60}},"image":{"@type":"ImageObject","@id":"https:\/\/www.rahman.cz\/wp-content\/uploads\/slunce6_2.png","url":"https:\/\/www.rahman.cz\/wp-content\/uploads\/slunce6_2.png","height":0,"width":0},"keywords":null}]}