[{"@context":"https:\/\/schema.org\/","@type":"Article","@id":"https:\/\/www.rahman.cz\/co-je-pro-nas-v-kulture-dulezite\/#Article","mainEntityOfPage":"https:\/\/www.rahman.cz\/co-je-pro-nas-v-kulture-dulezite\/","headline":"Co je pro n\u00e1s v kultu\u0159e d\u016fle\u017eit\u00e9","name":"Co je pro n\u00e1s v kultu\u0159e d\u016fle\u017eit\u00e9","description":"Mnoz\u00ed z\u00a0n\u00e1s \u010dasto dodr\u017euj\u00ed nejr\u016fzn\u011bj\u0161\u00ed kulturn\u00ed tradice, a\u0165 u\u017e ty soukrom\u00e9, kter\u00e9 jsou sou\u010d\u00e1st\u00ed pouze t\u00e9 dan\u00e9 rodiny, nebo ty, [&hellip;]","datePublished":"2023-12-08","dateModified":"2023-12-08","author":{"@type":"Person","@id":"https:\/\/www.rahman.cz\/author\/#Person","name":"","url":"https:\/\/www.rahman.cz\/author\/","identifier":1,"image":{"@type":"ImageObject","@id":"https:\/\/secure.gravatar.com\/avatar\/831abbcc684823965c5caa39ae4561083127c8aedfe9e524c6cecc176998c733?s=96&d=mm&r=g","url":"https:\/\/secure.gravatar.com\/avatar\/831abbcc684823965c5caa39ae4561083127c8aedfe9e524c6cecc176998c733?s=96&d=mm&r=g","height":96,"width":96}},"publisher":{"@type":"Organization","name":"rahman.cz","logo":{"@type":"ImageObject","@id":"\/logo.png","url":"\/logo.png","width":600,"height":60}},"image":{"@type":"ImageObject","@id":"https:\/\/www.rahman.cz\/wp-content\/uploads\/tradice2_10_1.jpg","url":"https:\/\/www.rahman.cz\/wp-content\/uploads\/tradice2_10_1.jpg","height":0,"width":0},"url":"https:\/\/www.rahman.cz\/co-je-pro-nas-v-kulture-dulezite\/","about":["Kultura"],"wordCount":425,"articleBody":"Mnoz\u00ed z\u00a0n\u00e1s \u010dasto dodr\u017euj\u00ed nejr\u016fzn\u011bj\u0161\u00ed kulturn\u00ed tradice, a\u0165 u\u017e ty soukrom\u00e9, kter\u00e9 jsou sou\u010d\u00e1st\u00ed pouze t\u00e9 dan\u00e9 rodiny, nebo ty, kter\u00e9 slav\u00ed cel\u00e1 zem\u011b. Je v\u0161ak jasn\u00e9, \u017ee jich je mnoho, a proto se d\u00e1 pochopit, \u017ee n\u011bkter\u00e9 z\u00a0nich jsou pro n\u00e1s d\u016fle\u017eit\u011bj\u0161\u00ed, ne\u017e jin\u00e9. Na\u0161e preference v\u00a0tomto ohledu v\u0161ak nejsou ani zdaleka tak n\u00e1hodn\u00e9, jak by se mohlo zd\u00e1t. I tady existuje ur\u010dit\u00fd smysl a \u0159\u00e1d, kter\u00fd, ani\u017e si to uv\u011bdomujeme, dodr\u017eujeme.\u00a0V\u00a0prvn\u00ed \u0159ad\u011b je zde ot\u00e1zka, jak moc osobn\u00ed dan\u00e1 tradice je. Pokud jsme ji v\u00e1\u017en\u011b slavili ji\u017e od d\u011btstv\u00ed a m\u00e1me s\u00a0n\u00ed spojeno mnoho vzpom\u00ednek, p\u0159ev\u00e1\u017en\u011b na \u0161\u0165astn\u00e9 chv\u00edle, pak pro n\u00e1s bude mnohem d\u016fle\u017eit\u011bj\u0161\u00ed ne\u017e ta, kterou jsme vykon\u00e1vali v\u017edy pouze \u201ez povinnosti\u201c, a za kterou nebylo \u017e\u00e1dn\u00e9 srdce. To je ostatn\u011b d\u016fvod, pro\u010d jsou pr\u00e1v\u011b V\u00e1noce tak obl\u00edben\u00e9. Pr\u00e1v\u011b s\u00a0nimi se toti\u017e u mnoh\u00fdch z\u00a0n\u00e1s poj\u00ed nejkr\u00e1sn\u011bj\u0161\u00ed vzpom\u00ednky z\u00a0d\u011btstv\u00ed, a je jen pochopiteln\u00e9, \u017ee si je chceme vyvolat.\u00a0\u00a0D\u00e1le je zde tak\u00e9 ot\u00e1zka, jak konkr\u00e9tn\u00ed tradici vn\u00edm\u00e1me. Skute\u010dn\u011b c\u00edt\u00edme jej\u00ed d\u016fle\u017eitost, to, \u017ee n\u00e1s spojuje, a\u0165 u\u017e v\u00a0r\u00e1mci rodiny \u010di n\u00e1roda? Jist\u011b, m\u016f\u017ee se zd\u00e1t, \u017ee je to podobn\u00e9 p\u0159edchoz\u00edmu bodu, av\u0161ak zde nejde o osobn\u00ed vzpom\u00ednky, n\u00fdbr\u017e pro to, co pro n\u00e1s dan\u00e1 tradice reprezentuje.\u00a0\u00a0S\u00a0t\u00edm se poj\u00ed i to, jak dob\u0159e zn\u00e1me symboliku, kter\u00e1 se za t\u00edm skr\u00fdv\u00e1, a nakolik j\u00ed v\u011b\u0159\u00edme a cen\u00edme si j\u00ed. Tady se m\u016f\u017eeme pod\u00edvat t\u0159eba na Velikonoce, p\u0159esn\u011bji \u0159e\u010deno na poml\u00e1zku. Zde v\u0161ichni v\u00edme, pro\u010d se \u201e\u0161upaj\u00ed\u201c holky, a prakticky v\u0161ichni se s\u00a0t\u00edm setk\u00e1v\u00e1me ji\u017e od d\u011btstv\u00ed. Pro\u010d tedy jeho popularita kles\u00e1?\u00a0I tady je odpov\u011b\u010f pom\u011brn\u011b jednoduch\u00e1: jen m\u00e1lokter\u00e1 z\u00a0\u017een a d\u00edvek s\u00a0t\u00edm m\u00e1 spojeny skute\u010dn\u011b p\u0159\u00edjemn\u00e9 z\u00e1\u017eitky. Jist\u011b, jsou r\u00e1di, \u017ee se nap\u0159\u00edklad sejde cel\u00e1 rodina, av\u0161ak to s\u00a0\u0161up\u00e1n\u00edm samotn\u00fdm nijak nesouvis\u00ed.\u00a0 Toto v\u0161em samoz\u0159ejm\u011b plat\u00ed i o zbytku tradic. Tyto v\u011bci bychom si pak m\u011bli uv\u011bdomit, ne\u017e za\u010dneme posuzovat tradice ciz\u00ed.                                                                                                                                                                                                                                                                                                                                                                                                "},{"@context":"https:\/\/schema.org\/","@type":"BreadcrumbList","itemListElement":[{"@type":"ListItem","position":1,"name":"Co je pro n\u00e1s v kultu\u0159e d\u016fle\u017eit\u00e9","item":"https:\/\/www.rahman.cz\/co-je-pro-nas-v-kulture-dulezite\/#breadcrumbitem"}]}]